{"id":8585,"date":"2025-11-24T08:19:59","date_gmt":"2025-11-24T08:19:59","guid":{"rendered":"http:\/\/architeles.eu\/ethics\/?p=8585"},"modified":"2025-11-24T08:20:53","modified_gmt":"2025-11-24T08:20:53","slug":"aailbanska-ministra-powolanie-wirtualnego-ministra-budzi-pytanie-o-odpowiedzialnosc-polityczna-kto-faktycznie-ponosi-konsekwencje-decyzji-i-komunikatow-wyglaszanych-przez-sztuczna-inteligencje-w-i","status":"publish","type":"post","link":"https:\/\/architeles.eu\/ethics\/index.php\/2025\/11\/24\/aailbanska-ministra-powolanie-wirtualnego-ministra-budzi-pytanie-o-odpowiedzialnosc-polityczna-kto-faktycznie-ponosi-konsekwencje-decyzji-i-komunikatow-wyglaszanych-przez-sztuczna-inteligencje-w-i\/","title":{"rendered":"A(AI)lba\u0144ska ministra &#8211; powo\u0142anie wirtualnego ministra budzi pytanie o odpowiedzialno\u015b\u0107 polityczn\u0105: kto faktycznie ponosi konsekwencje decyzji i komunikat\u00f3w wyg\u0142aszanych przez sztuczn\u0105 inteligencj\u0119 w imieniu rz\u0105du?"},"content":{"rendered":"<figure id=\"attachment_8588\" aria-describedby=\"caption-attachment-8588\" style=\"width: 815px\" class=\"wp-caption aligncenter\"><img loading=\"lazy\" decoding=\"async\" class=\" wp-image-8588\" src=\"https:\/\/architeles.eu\/ethics\/wp-content\/uploads\/2025\/11\/114058-albanian-ai-minister-16x9-thumb-300x169.jpg\" alt=\"\" width=\"815\" height=\"459\" srcset=\"https:\/\/architeles.eu\/ethics\/wp-content\/uploads\/2025\/11\/114058-albanian-ai-minister-16x9-thumb-300x169.jpg 300w, https:\/\/architeles.eu\/ethics\/wp-content\/uploads\/2025\/11\/114058-albanian-ai-minister-16x9-thumb-1024x576.jpg 1024w, https:\/\/architeles.eu\/ethics\/wp-content\/uploads\/2025\/11\/114058-albanian-ai-minister-16x9-thumb-768x432.jpg 768w, https:\/\/architeles.eu\/ethics\/wp-content\/uploads\/2025\/11\/114058-albanian-ai-minister-16x9-thumb-1536x864.jpg 1536w, https:\/\/architeles.eu\/ethics\/wp-content\/uploads\/2025\/11\/114058-albanian-ai-minister-16x9-thumb.jpg 1920w\" sizes=\"auto, (max-width: 815px) 100vw, 815px\" \/><figcaption id=\"caption-attachment-8588\" class=\"wp-caption-text\">Alba\u0144ska Ministra AI<\/figcaption><\/figure>\n<p><strong>Przypadek Albanii, kt\u00f3ra jako pierwszy kraj na \u015bwiecie powierzy\u0142a stanowisko rz\u0105dowe systemowi AI, otwiera nowy rozdzia\u0142 w historii polityki i prawa. Diella \u2013 wirtualna \u201eministra\u201d ds. zam\u00f3wie\u0144 publicznych \u2013 ma zwalcza\u0107 korupcj\u0119 i przyspiesza\u0107 procedury, ale jednocze\u015bnie rodzi fundamentalne pytania o transparentno\u015b\u0107, suwerenno\u015b\u0107 cyfrow\u0105 oraz granice odpowiedzialno\u015bci cz\u0142owieka i maszyny. Albania staje si\u0119 wi\u0119c laboratorium przysz\u0142o\u015bci, w kt\u00f3rym \u015bcieraj\u0105 si\u0119 ambicje technologiczne, ryzyka polityczne i nierozwi\u0105zane dylematy prawne.<\/strong><\/p>\n<p><!--more--><\/p>\n<p>&nbsp;<\/p>\n<p><span style=\"font-size: 14pt;color: #0000ff\"><b>Gdy AI zostaje ministrem. Albania jako laboratorium politycznej przysz\u0142o\u015bci.<\/b><\/span><\/p>\n<p><span style=\"font-weight: 400\">Diella to system sztucznej inteligencji, kt\u00f3rego nazwa w j\u0119zyku alba\u0144skim oznacza \u201epromie\u0144 s\u0142o\u0144ca\u201d (Zmuda, 2025). Zosta\u0142a opracowana przez Narodow\u0105 Agencj\u0119 ds. Spo\u0142ecze\u0144stwa Informacyjnego Albanii (AKSHI) i wprowadzona w styczniu 2025 roku jako wirtualny asystent zintegrowany z platform\u0105 e-Albania \u2013 rz\u0105dowym serwisem do obs\u0142ugi us\u0142ug publicznych online, pe\u0142ni\u0105cym w Albanii funkcj\u0119 podobn\u0105 do polskiej aplikacji mObywatel, Na pocz\u0105tku jej g\u0142\u00f3wnym zadaniem by\u0142o pomaganie obywatelom w korzystaniu z e-us\u0142ug administracyjnych, odpowiadanie na zapytania oraz wydawanie cyfrowych dokument\u00f3w. W ci\u0105gu kilku miesi\u0119cy Diella obs\u0142u\u017cy\u0142a ponad milion zapyta\u0144, staj\u0105c si\u0119 nieod\u0142\u0105czn\u0105 cz\u0119\u015bci\u0105 procesu cyfryzacji alba\u0144skiej administracji.<\/span><\/p>\n<p><span style=\"font-weight: 400\">We wrze\u015bniu 2025 roku nast\u0105pi\u0142 jednak prze\u0142om. Po dekrecie prezydenckim, kt\u00f3ry upowa\u017cni\u0142 premiera Ediego Ram\u0119 do nadzorowania utworzenia wirtualnego ministra, Diella zosta\u0142a formalnie mianowana <\/span><b>\u201eministrem ds. zam\u00f3wie\u0144 publicznych\u201d<\/b><span style=\"font-weight: 400\"> (Jones, 2025). Tym samym Albania sta\u0142a si\u0119 pierwszym krajem na \u015bwiecie, kt\u00f3ry powierzy\u0142 funkcj\u0119 rz\u0105dow\u0105 systemowi sztucznej inteligencji na szczeblu gabinetowym. <\/span><span style=\"font-weight: 400\"><br \/>\n<\/span><span style=\"font-weight: 400\"><br \/>\n<\/span><span style=\"font-weight: 400\">Cho\u0107 rz\u0105d nie potwierdzi\u0142 oficjalnie szczeg\u00f3\u0142\u00f3w technicznych, eksperci sugeruj\u0105, \u017ce Diella opiera si\u0119 na technologii ameryka\u0144skiej firmy OpenAI i dzia\u0142a w chmurze Microsoft Azure (Jones, 2025). Premier Rama od dawna utrzymuje bliskie kontakty z alba\u0144sko-ameryka\u0144sk\u0105 specjalistk\u0105 ds. technologii, Mir\u0105 Murati \u2013 by\u0142\u0105 dyrektor generaln\u0105 OpenAI, a obecnie szefow\u0105 Thinking Machines Lab. Niekt\u00f3rzy komentatorzy twierdz\u0105, \u017ce jej rola mog\u0142a mie\u0107 wp\u0142yw na rozw\u00f3j projektu, kt\u00f3ry \u0142\u0105czy innowacyjno\u015b\u0107 z ambicjami geopolitycznymi Albanii.<\/span><\/p>\n<p><span style=\"font-weight: 400\">G\u0142\u00f3wnym zadaniem Dielli, jako ministry ds. zam\u00f3wie\u0144 publicznych, jest nadzorowanie proces\u00f3w przetargowych i ocena ofert w spos\u00f3b niezale\u017cny oraz wolny od wp\u0142yw\u00f3w politycznych (Zmuda, 2025). Premier Rama zapowiedzia\u0142, \u017ce proces podejmowania decyzji dotycz\u0105cych przyznawania zam\u00f3wie\u0144 publicznych b\u0119dzie stopniowo przekazywany systemowi sztucznej inteligencji. Diella ma odpowiada\u0107 za analizowanie danych w czasie rzeczywistym, weryfikowa\u0107 zgodno\u015b\u0107 ofert z kryteriami przetargowymi i wydawa\u0107 rekomendacje, kt\u00f3re wed\u0142ug za\u0142o\u017ce\u0144 rz\u0105du maj\u0105 by\u0107 pozbawione ludzkich b\u0142\u0119d\u00f3w jak i stronniczo\u015bci.<\/span><span style=\"font-weight: 400\"><br \/>\n<\/span><span style=\"font-weight: 400\"><br \/>\n<\/span><span style=\"font-weight: 400\">G\u0142\u00f3wnym celem wprowadzenia AI ministra jest oczywi\u015bcie walka z korupcj\u0105 \u2013 problemem, kt\u00f3ry od lat dotyka alba\u0144sk\u0105 polityk\u0119 i administracj\u0119 (<a href=\"https:\/\/gdpr.pl\/sztuczna-inteligencja-zajmie-sie-zamowieniami-publicznymi-w-albanii\" target=\"_blank\" rel=\"noopener\">link1<\/a>). Albania jest uznawana za jeden z najbardziej skorumpowanych kraj\u00f3w w Europie. Premier Rama wierzy, \u017ce powierzenie kluczowych decyzji maszynie, kt\u00f3ra nie ulega naciskom ani emocjom, mo\u017ce by\u0107 pierwszym realnym krokiem w stron\u0119 oczyszczenia systemu i \u2013 w dalszej perspektywie \u2013 ca\u0142kowitej likwidacji korupcji.<\/span><\/p>\n<p><span style=\"font-weight: 400\">Jednak motywacje stoj\u0105ce za tym projektem nie ko\u0144cz\u0105 si\u0119 na walce z korupcj\u0105. Wdro\u017cenie Dielli to cz\u0119\u015b\u0107 szerzej zakrojonej strategii cyfryzacji Albanii i jej transformacji technologicznej. Nie mo\u017cna te\u017c pomin\u0105\u0107 kontekstu mi\u0119dzynarodowego. Albania od lat stara si\u0119 o cz\u0142onkostwo w Unii Europejskiej i chce pokaza\u0107 si\u0119 jako kraj nowoczesny, otwarty na innowacje i zdolny do prze\u0142amania stereotyp\u00f3w dotycz\u0105cych Ba\u0142kan\u00f3w (Jones, 2025). Premier Rama zdaje si\u0119 traktowa\u0107 projekt Diella jako element budowania wizerunku Albanii &#8211; nie tylko jako kandydata do UE, ale tak\u017ce lidera w dziedzinie etycznego i przejrzystego wykorzystania technologii.\u00a0<\/span><\/p>\n<p><span style=\"font-weight: 400\">Id\u0105c tym tokiem rozumowania, mo\u017cna zauwa\u017cy\u0107, \u017ce wprowadzenie AI ministra mo\u017ce przynie\u015b\u0107 tak\u017ce wymierne korzy\u015bci ekonomiczne. W przeciwie\u0144stwie do tradycyjnych urz\u0119dnik\u00f3w, Diella nie pobiera wynagrodzenia, nie potrzebuje urlopu ani zaplecza administracyjnego. Dzi\u0119ki temu pa\u0144stwo mo\u017ce znacz\u0105co zmniejszy\u0107 koszty funkcjonowania niekt\u00f3rych proces\u00f3w. Z kolei automatyzacja i cyfryzacja procedur pozwalaj\u0105 na szybsze wydawanie decyzji i mniejsz\u0105 liczb\u0119 b\u0142\u0119d\u00f3w. <\/span><\/p>\n<p><span style=\"font-weight: 400\">Mimo \u017ce Albania jest pierwszym pa\u0144stwem, kt\u00f3re formalnie nada\u0142o AI rang\u0119 ministra, nie jest jedynym krajem eksperymentuj\u0105cym z wykorzystaniem sztucznej inteligencji w administracji publicznej (Zmuda, 2025). W Estonii funkcjonuje system KrattAI, kt\u00f3ry wspiera urz\u0119dnik\u00f3w w analizie danych i automatyzowaniu proces\u00f3w decyzyjnych. W Wielkiej Brytanii i USA algorytmy AI s\u0105 u\u017cywane do analiz ryzyka w zam\u00f3wieniach publicznych, cho\u0107 bez nadawania im osobowo\u015bci politycznej. Japonia i Korea Po\u0142udniowa z kolei rozwijaj\u0105 programy cyfrowych asystent\u00f3w obs\u0142uguj\u0105cych obywateli. Jednak to w\u0142a\u015bnie Albania przekroczy\u0142a symboliczn\u0105 granic\u0119 \u2013 jako pierwsza pozwoli\u0142a maszynie zasi\u0105\u015b\u0107 przy rz\u0105dowym stole. Ale cho\u0107 idea bezb\u0142\u0119dnej i sprawiedliwej administracji brzmi obiecuj\u0105co, rzeczywisto\u015b\u0107 wdra\u017cania takiego systemu mo\u017ce okaza\u0107 si\u0119 znacznie bardziej skomplikowana.<\/span><\/p>\n<p>&nbsp;<\/p>\n<p><span style=\"font-size: 14pt;color: #0000ff\"><b>Granice transparentno\u015bci AI-ministry<\/b><\/span><\/p>\n<p><span style=\"font-weight: 400\">Kiedy Diella przemawia z ekranu, trudno nie odnie\u015b\u0107 wra\u017cenia, \u017ce mamy do czynienia z now\u0105 form\u0105 politycznej obecno\u015bci. Ale za jej g\u0142osem \u2013 modulowanym i uprzejmym \u2013 kryje si\u0119 co\u015b znacznie bardziej nieprzejrzystego ni\u017c jakikolwiek gabinet rz\u0105dowy. Pytanie brzmi: czy ktokolwiek naprawd\u0119 wie, jak dzia\u0142a wirtualna ministra Albanii?<\/span><\/p>\n<p><span style=\"font-weight: 400\">Niestety do wiadomo\u015bci publicznej nie podaje si\u0119 wyja\u015bnie\u0144, w jaki spos\u00f3b Diella podejmuje decyzje. Zamiast tego eksperci spiesz\u0105 z zapewnieniami, \u017ce dzia\u0142a w spos\u00f3b niezale\u017cny i bezstronny. Wed\u0142ug informacji medialnych system bazuje na technologii opracowanej przez firm\u0119 OpenAI i dzia\u0142a w chmurze Microsoft Azure. Brak jednak informacji, na jakich danych zosta\u0142 wytrenowany, ani kto odpowiada za modyfikacj\u0119 jego algorytm\u00f3w.\u00a0<\/span><\/p>\n<p><span style=\"font-weight: 400\">Rz\u0105d Albanii uspokaja obawy zwi\u0105zane z nadmiern\u0105 autonomi\u0105 Dielli, zapewniaj\u0105c, \u017ce jej decyzje wci\u0105\u017c nadzoruje cz\u0142owiek. Ide\u0105 jest powi\u0105zanie rozwi\u0105za\u0144 AI z nadzorem cz\u0142owieka, co okre\u015bla si\u0119 jako <\/span><i><span style=\"font-weight: 400\">human-in-the-loop <\/span><\/i><span style=\"font-weight: 400\">(HITL) (B\u00f4mont, Zori\u0107, 2025). W takim uk\u0142adzie system analizuje problem, dobiera rozwi\u0105zania i przedstawia swoj\u0105 decyzj\u0119 cz\u0142owiekowi, kt\u00f3rego zadaniem jest w\u0142asna ocena poprawno\u015bci oraz zatwierdzenie lub modyfikacja decyzji. Rodzi si\u0119 jednak pytanie, czy paradygmat HITL jest rzetelnie stosowany w ka\u017cdej rozpatrywanej sprawie. M\u00f3wi si\u0119, \u017ce w ci\u0105gu kilku miesi\u0119cy Diella obs\u0142u\u017cy\u0142a ju\u017c ponad milion zapyta\u0144. Pozostaje pytanie, czy cz\u0142owiek nad\u0105\u017cy z nadzorem decyzji wydawanych przez tak sprawnie dzia\u0142aj\u0105c\u0105 maszyn\u0119. Rozwi\u0105zanie stanowi stosowanie paradygmatu HITL w sprawach, kt\u00f3rych nie da si\u0119 zautomatyzowa\u0107, a wi\u0119c kt\u00f3re wymagaj\u0105 od systemu umiej\u0119tno\u015bci rozumowania. Z kolei z punktu widzenia spo\u0142ecze\u0144stwa niezwykle przydatne mo\u017ce okaza\u0107 si\u0119 podawanie informacji, czy wniosek obywatela zosta\u0142 rozpatrzony przez Diell\u0119 niezale\u017cnie czy decyzja podlega\u0142a nadzorowi cz\u0142owieka.\u00a0<\/span><\/p>\n<p><span style=\"font-weight: 400\">Nast\u0119pny problem stanowi wyt\u0142umaczalno\u015b\u0107 sztucznej inteligencji (<\/span><i><span style=\"font-weight: 400\">AI explainability<\/span><\/i><span style=\"font-weight: 400\">). Jest to szeroki problem, kt\u00f3ry dotyka samego sedna pracy technologii SI. Wsp\u00f3\u0142czesne du\u017ce modele j\u0119zykowe s\u0105 tak zaawansowane, zawieraj\u0105 tak wiele parametr\u00f3w, \u017ce sami ich tw\u00f3rcy przestaj\u0105 rozumie\u0107, jak one dzia\u0142aj\u0105 (Korbak, 2025). Problem wyt\u0142umaczalno\u015bci obecny jest r\u00f3wnie\u017c w przypadku AI-ministry. Aby faktycznie by\u0142 to zaufany system, kt\u00f3ry pe\u0142ni oficjalne stanowisko, powinien przynajmniej by\u0107 transparenty w swoim dzia\u0142aniu. AI ministra powinna dostarcza\u0107 weryfikowalny \u015blad swojego dzia\u0142ania, dzi\u0119ki kt\u00f3remu b\u0119dzie mo\u017cna sprawdzi\u0107, jakie dane i kryteria wykorzysta\u0142a do podj\u0119cia decyzji. Kluczowe zdaje si\u0119 wyt\u0142umaczenie wewn\u0119trznego funkcjonowania takiego systemu. Diella niestety nie spe\u0142nia tych standard\u00f3w, pozostaj\u0105c w ten spos\u00f3b \u201cczarn\u0105 skrzynk\u0105\u201d (Curraj, 2025). Zdaje si\u0119 to paradoksalne, \u017ce system stworzony po to, by zwi\u0119kszy\u0107 przejrzysto\u015b\u0107, sam dzia\u0142a w spos\u00f3b nieprzejrzysty. Albania chcia\u0142a uczyni\u0107 technologi\u0119 gwarantem uczciwo\u015bci, tymczasem mo\u017ce si\u0119 okaza\u0107, \u017ce stworzy\u0142a cyfrow\u0105 mg\u0142\u0119, w kt\u00f3rej jeszcze trudniej b\u0119dzie rozliczy\u0107 w\u0142adz\u0119 z b\u0142\u0119d\u00f3w.<\/span><\/p>\n<p>&nbsp;<\/p>\n<p><span style=\"font-size: 14pt;color: #0000ff\"><b>W Albanii rz\u0105dzi\u2026 USA?<\/b><\/span><\/p>\n<p><span style=\"font-weight: 400\">Kiedy Albania og\u0142osi\u0142a powo\u0142anie Dielli na stanowisko ministra, \u015bwiat zareagowa\u0142 z podziwem, ale i niepokojem. Z jednej strony \u2013 to dow\u00f3d odwagi i innowacyjno\u015bci ma\u0142ego kraju Ba\u0142kan\u00f3w. Z drugiej \u2013 pytanie, czy rzeczywi\u015bcie rz\u0105d w Tiranie wzi\u0105\u0142 w swoje r\u0119ce przysz\u0142o\u015b\u0107 technologiczn\u0105 pa\u0144stwa, czy raczej odda\u0142 j\u0105 w r\u0119ce ameryka\u0144skich gigant\u00f3w technologicznych.<\/span><\/p>\n<p><span style=\"font-weight: 400\">Z doniesie\u0144 wynika, \u017ce Diella opiera si\u0119 na modelach stworzonych przez ameryka\u0144sk\u0105 firm\u0119 OpenAI i funkcjonuje w infrastrukturze chmurowej Microsoft Azure. To oznacza, \u017ce m\u00f3zg tego \u201ewirtualnego ministra\u201d nie znajduje si\u0119 w Tiranie, lecz w ameryka\u0144skich centrach danych rozsianych po \u015bwiecie. W praktyce wi\u0119c, decyzje podejmowane przez Diell\u0119 \u2013 cho\u0107 dotycz\u0105 alba\u0144skich przetarg\u00f3w i interes\u00f3w narodowych \u2013 przechodz\u0105 przez ameryka\u0144skie serwery. Cho\u0107 Albania d\u0105\u017cy do unowocze\u015bnienia dzia\u0142ania pa\u0144stwa oraz do do\u0142\u0105czenia do UE, wprowadzenie ministra opartego na ameryka\u0144skich modelach AI mo\u017cna odczyta\u0107 jako symboliczny gest \u2013 Albanii bli\u017cej dzi\u015b technologicznie do Doliny Krzemowej ni\u017c do Brukseli.<\/span><\/p>\n<p><span style=\"font-weight: 400\">Tego typu sytuacja mo\u017ce by\u0107 zagro\u017ceniem dla suwerenno\u015bci cyfrowej. Eksperci z Unii Europejskiej ostrzegaj\u0105 przed nadmiern\u0105 zale\u017cno\u015bci\u0105 od podmiot\u00f3w spoza kontynentu. W kontek\u015bcie ameryka\u0144skiej ustawy CLOUD Act, kt\u00f3ra pozwala tamtejszym w\u0142adzom na dost\u0119p do danych przechowywanych przez firmy z USA \u2013 nawet je\u015bli znajduj\u0105 si\u0119 one fizycznie poza jej granicami \u2013 trudno nie dostrzec potencjalnego ryzyka. Minister oparty na takiej technologii m\u00f3g\u0142by sta\u0107 si\u0119, cho\u0107by po\u015brednio, kana\u0142em przep\u0142ywu wra\u017cliwych informacji (Jones, 2025).<\/span><\/p>\n<p><span style=\"font-weight: 400\">Oczywi\u015bcie mo\u017cna argumentowa\u0107, \u017ce to po prostu cena za dost\u0119p do najlepszych narz\u0119dzi. W ko\u0144cu ameryka\u0144skie firmy dominuj\u0105, oferuj\u0105c sw\u00f3j zamkni\u0119ty ekosystem na \u015bwiatow\u0105 skal\u0119 (<\/span><span style=\"font-weight: 400\">zob. tre\u015b\u0107 poni\u017cej<\/span><span style=\"font-weight: 400\">) \u2013 od infrastruktury obliczeniowej (np. procesory graficzne od NVIDIA) po modele j\u0119zykowe (modele z rodziny GPT od OpenAI). Ale gdy m\u00f3wimy o sztucznej inteligencji dzia\u0142aj\u0105cej w strukturach pa\u0144stwa, a nawet przemawiaj\u0105cej w jego imieniu, zale\u017cno\u015b\u0107 od zagranicznych rozwi\u0105za\u0144 zaczyna by\u0107 nie tylko technologicznym kompromisem, lecz politycznym ryzykiem.<\/span><\/p>\n<blockquote class=\"instagram-media\" data-instgrm-captioned data-instgrm-permalink=\"https:\/\/www.instagram.com\/p\/DQJ0oxtDXPW\/?utm_source=ig_embed&amp;utm_campaign=loading\" data-instgrm-version=\"14\" style=\" background:#FFF; border:0; border-radius:3px; box-shadow:0 0 1px 0 rgba(0,0,0,0.5),0 1px 10px 0 rgba(0,0,0,0.15); margin: 1px; max-width:600px; min-width:326px; padding:0; width:99.375%; width:-webkit-calc(100% - 2px); width:calc(100% - 2px);\">\n<div style=\"padding:16px;\"> <a href=\"https:\/\/www.instagram.com\/p\/DQJ0oxtDXPW\/?utm_source=ig_embed&amp;utm_campaign=loading\" style=\" background:#FFFFFF; line-height:0; padding:0 0; text-align:center; text-decoration:none; width:100%;\" target=\"_blank\"> <\/p>\n<div style=\" display: flex; flex-direction: row; align-items: center;\">\n<div style=\"background-color: #F4F4F4; border-radius: 50%; flex-grow: 0; height: 40px; margin-right: 14px; width: 40px;\"><\/div>\n<div style=\"display: flex; flex-direction: column; flex-grow: 1; justify-content: center;\">\n<div style=\" background-color: #F4F4F4; border-radius: 4px; flex-grow: 0; height: 14px; margin-bottom: 6px; width: 100px;\"><\/div>\n<div style=\" background-color: #F4F4F4; border-radius: 4px; flex-grow: 0; height: 14px; width: 60px;\"><\/div>\n<\/div>\n<\/div>\n<div style=\"padding: 19% 0;\"><\/div>\n<div style=\"display:block; height:50px; margin:0 auto 12px; width:50px;\"><svg width=\"50px\" height=\"50px\" viewBox=\"0 0 60 60\" version=\"1.1\" xmlns=\"https:\/\/www.w3.org\/2000\/svg\" xmlns:xlink=\"https:\/\/www.w3.org\/1999\/xlink\"><g stroke=\"none\" stroke-width=\"1\" fill=\"none\" fill-rule=\"evenodd\"><g transform=\"translate(-511.000000, -20.000000)\" fill=\"#000000\"><g><path d=\"M556.869,30.41 C554.814,30.41 553.148,32.076 553.148,34.131 C553.148,36.186 554.814,37.852 556.869,37.852 C558.924,37.852 560.59,36.186 560.59,34.131 C560.59,32.076 558.924,30.41 556.869,30.41 M541,60.657 C535.114,60.657 530.342,55.887 530.342,50 C530.342,44.114 535.114,39.342 541,39.342 C546.887,39.342 551.658,44.114 551.658,50 C551.658,55.887 546.887,60.657 541,60.657 M541,33.886 C532.1,33.886 524.886,41.1 524.886,50 C524.886,58.899 532.1,66.113 541,66.113 C549.9,66.113 557.115,58.899 557.115,50 C557.115,41.1 549.9,33.886 541,33.886 M565.378,62.101 C565.244,65.022 564.756,66.606 564.346,67.663 C563.803,69.06 563.154,70.057 562.106,71.106 C561.058,72.155 560.06,72.803 558.662,73.347 C557.607,73.757 556.021,74.244 553.102,74.378 C549.944,74.521 548.997,74.552 541,74.552 C533.003,74.552 532.056,74.521 528.898,74.378 C525.979,74.244 524.393,73.757 523.338,73.347 C521.94,72.803 520.942,72.155 519.894,71.106 C518.846,70.057 518.197,69.06 517.654,67.663 C517.244,66.606 516.755,65.022 516.623,62.101 C516.479,58.943 516.448,57.996 516.448,50 C516.448,42.003 516.479,41.056 516.623,37.899 C516.755,34.978 517.244,33.391 517.654,32.338 C518.197,30.938 518.846,29.942 519.894,28.894 C520.942,27.846 521.94,27.196 523.338,26.654 C524.393,26.244 525.979,25.756 528.898,25.623 C532.057,25.479 533.004,25.448 541,25.448 C548.997,25.448 549.943,25.479 553.102,25.623 C556.021,25.756 557.607,26.244 558.662,26.654 C560.06,27.196 561.058,27.846 562.106,28.894 C563.154,29.942 563.803,30.938 564.346,32.338 C564.756,33.391 565.244,34.978 565.378,37.899 C565.522,41.056 565.552,42.003 565.552,50 C565.552,57.996 565.522,58.943 565.378,62.101 M570.82,37.631 C570.674,34.438 570.167,32.258 569.425,30.349 C568.659,28.377 567.633,26.702 565.965,25.035 C564.297,23.368 562.623,22.342 560.652,21.575 C558.743,20.834 556.562,20.326 553.369,20.18 C550.169,20.033 549.148,20 541,20 C532.853,20 531.831,20.033 528.631,20.18 C525.438,20.326 523.257,20.834 521.349,21.575 C519.376,22.342 517.703,23.368 516.035,25.035 C514.368,26.702 513.342,28.377 512.574,30.349 C511.834,32.258 511.326,34.438 511.181,37.631 C511.035,40.831 511,41.851 511,50 C511,58.147 511.035,59.17 511.181,62.369 C511.326,65.562 511.834,67.743 512.574,69.651 C513.342,71.625 514.368,73.296 516.035,74.965 C517.703,76.634 519.376,77.658 521.349,78.425 C523.257,79.167 525.438,79.673 528.631,79.82 C531.831,79.965 532.853,80.001 541,80.001 C549.148,80.001 550.169,79.965 553.369,79.82 C556.562,79.673 558.743,79.167 560.652,78.425 C562.623,77.658 564.297,76.634 565.965,74.965 C567.633,73.296 568.659,71.625 569.425,69.651 C570.167,67.743 570.674,65.562 570.82,62.369 C570.966,59.17 571,58.147 571,50 C571,41.851 570.966,40.831 570.82,37.631\"><\/path><\/g><\/g><\/g><\/svg><\/div>\n<div style=\"padding-top: 8px;\">\n<div style=\" color:#3897f0; font-family:Arial,sans-serif; font-size:14px; font-style:normal; font-weight:550; line-height:18px;\">View this post on Instagram<\/div>\n<\/div>\n<div style=\"padding: 12.5% 0;\"><\/div>\n<div style=\"display: flex; flex-direction: row; margin-bottom: 14px; align-items: center;\">\n<div>\n<div style=\"background-color: #F4F4F4; border-radius: 50%; height: 12.5px; width: 12.5px; transform: translateX(0px) translateY(7px);\"><\/div>\n<div style=\"background-color: #F4F4F4; height: 12.5px; transform: rotate(-45deg) translateX(3px) translateY(1px); width: 12.5px; flex-grow: 0; margin-right: 14px; margin-left: 2px;\"><\/div>\n<div style=\"background-color: #F4F4F4; border-radius: 50%; height: 12.5px; width: 12.5px; transform: translateX(9px) translateY(-18px);\"><\/div>\n<\/div>\n<div style=\"margin-left: 8px;\">\n<div style=\" background-color: #F4F4F4; border-radius: 50%; flex-grow: 0; height: 20px; width: 20px;\"><\/div>\n<div style=\" width: 0; height: 0; border-top: 2px solid transparent; border-left: 6px solid #f4f4f4; border-bottom: 2px solid transparent; transform: translateX(16px) translateY(-4px) rotate(30deg)\"><\/div>\n<\/div>\n<div style=\"margin-left: auto;\">\n<div style=\" width: 0px; border-top: 8px solid #F4F4F4; border-right: 8px solid transparent; transform: translateY(16px);\"><\/div>\n<div style=\" background-color: #F4F4F4; flex-grow: 0; height: 12px; width: 16px; transform: translateY(-4px);\"><\/div>\n<div style=\" width: 0; height: 0; border-top: 8px solid #F4F4F4; border-left: 8px solid transparent; transform: translateY(-4px) translateX(8px);\"><\/div>\n<\/div>\n<\/div>\n<div style=\"display: flex; flex-direction: column; flex-grow: 1; justify-content: center; margin-bottom: 24px;\">\n<div style=\" background-color: #F4F4F4; border-radius: 4px; flex-grow: 0; height: 14px; margin-bottom: 6px; width: 224px;\"><\/div>\n<div style=\" background-color: #F4F4F4; border-radius: 4px; flex-grow: 0; height: 14px; width: 144px;\"><\/div>\n<\/div>\n<p><\/a><\/div>\n<\/blockquote>\n<p><script async src=\"\/\/platform.instagram.com\/en_US\/embeds.js\"><\/script><\/p>\n<p><span style=\"font-weight: 400\">Czy mo\u017cna to rozwi\u0105za\u0107? Teoretycznie tak \u2013 poprzez rozwijanie lokalnych modeli AI, trenowanych na w\u0142asnych danych i utrzymywanych w krajowych centrach danych. W praktyce jednak mniejsze kraje, takie jak Albania, nie maj\u0105 zasob\u00f3w (infrastruktura, sprz\u0119t) ani odpowiedniej kadry czy zespo\u0142\u00f3w badawczych, by samodzielnie zbudowa\u0107 tak zaawansowane systemy<\/span>. <span style=\"font-weight: 400\">Dlatego te\u017c doniesienia o oparciu Dielli na technologiach od OpenAI i Microsoft Azure, cho\u0107 niepotwierdzone, s\u0105 wielce prawdopodobne, gdy\u017c Albania nie posiada wystarczaj\u0105co solidnych i rozwini\u0119tych modeli j\u0119zykowych, kt\u00f3rym mo\u017cna by\u0142oby powierzy\u0107 autonomiczne stanowisko w rz\u0105dzie. To prowadzi do b\u0142\u0119dnego ko\u0142a: \u017ceby rozwin\u0105\u0107 technologicznie pa\u0144stwo, trzeba najpierw zale\u017ce\u0107 od cudzej technologii.<\/span><\/p>\n<p>&nbsp;<\/p>\n<p><span style=\"font-size: 14pt;color: #0000ff\"><b>Podmiotowo\u015b\u0107 prawna a sztuczna inteligencja<\/b><\/span><\/p>\n<p><span style=\"font-weight: 400\">Podmiotowo\u015b\u0107 prawna to zdolno\u015b\u0107 do bycia podmiotem praw i obowi\u0105zk\u00f3w w \u015bwietle prawa (R\u0119bisz, 2024). W przypadku cz\u0142owieka jest ona nabywana z chwil\u0105 urodzenia, a jej konsekwencj\u0105 jest mo\u017cliwo\u015b\u0107 ponoszenia odpowiedzialno\u015bci prawnej za swoje czyny oraz uczestniczenia w obrocie prawnym \u2013 np. zawierania um\u00f3w, dziedziczenia czy sprawowania funkcji publicznych. Oznacza to, \u017ce tylko ten, kto posiada podmiotowo\u015b\u0107 prawn\u0105, mo\u017ce dzia\u0142a\u0107 w ramach systemu prawnego jako pe\u0142noprawny uczestnik relacji spo\u0142ecznych i prawnych.<\/span><\/p>\n<p><span style=\"font-weight: 400\">W kontek\u015bcie sztucznej inteligencji kwestia podmiotowo\u015bci prawnej stanowi przedmiot intensywnej debaty w \u015bwietle obserwowanego rozwoju technologicznego (R\u0119bisz, 2024). Jak zauwa\u017ca mgr Karol R\u0119bisz w rozprawie \u201ePodmiotowo\u015b\u0107 prawna sztucznej inteligencji. Aspekty cywilnoprawne\u201d, pojawiaj\u0105 si\u0119 propozycje nadania AI tzw. <\/span><i><span style=\"font-weight: 400\">podmiotowo\u015bci elektronicznej <\/span><\/i><span style=\"font-weight: 400\">\u2013 nowej formy osobowo\u015bci prawnej, analogicznej do tej, jak\u0105 posiadaj\u0105 osoby prawne (np. sp\u00f3\u0142ki). Osoba elektroniczna mia\u0142aby wi\u0119c charakter zbli\u017cony do sp\u00f3\u0142ki kapita\u0142owej. Przyznanie takiej podmiotowo\u015bci nie oznacza\u0142oby pe\u0142nego zr\u00f3wnania system\u00f3w AI z lud\u017ami czy osobami prawnymi, lecz mia\u0142oby charakter pragmatyczny. Celem by\u0142oby przede wszystkim uproszczenie kwestii odpowiedzialno\u015bci cywilnoprawnej i naprawienia szk\u00f3d wyrz\u0105dzonych przez dzia\u0142anie AI, a tak\u017ce mo\u017cliwo\u015b\u0107 przypisania systemowi konkretnych praw i obowi\u0105zk\u00f3w. W praktyce pozwoli\u0142oby to m.in. na identyfikacj\u0119 AI jako autora utworu lub tw\u00f3rcy wynalazku, a tak\u017ce jako podmiotu sk\u0142adaj\u0105cego o\u015bwiadczenie woli. R\u0119bisz proponuje, by zakres <\/span><i><span style=\"font-weight: 400\">podmiotowo\u015bci elektronicznej<\/span><\/i><span style=\"font-weight: 400\"> by\u0142 elastyczny i dostosowywany do funkcji danego systemu. Kluczowe jest r\u00f3wnie\u017c to, \u017ce przyznanie podmiotowo\u015bci mia\u0142oby charakter ograniczony (punktowy), gdy\u017c \u2013 jak podkre\u015bla autor \u2013 nie chodzi o pe\u0142n\u0105 zdolno\u015b\u0107 prawn\u0105, ale o przyznanie jej w wybranych sferach, czyli tam, gdzie wymaga tego praktyka obrotu lub potrzeba zapewnienia bezpiecze\u0144stwa prawnego. Wpisanie systemu AI do rejestru os\u00f3b elektronicznych stanowi\u0142oby formalny moment nabycia zdolno\u015bci prawnej, podobnie jak w przypadku os\u00f3b prawnych.<\/span><\/p>\n<p><span style=\"font-weight: 400\">Jednak na jakiej podstawie cz\u0142owiek m\u00f3g\u0142by przyzna\u0107 sztucznemu systemowi podmiotowo\u015b\u0107 prawn\u0105 (R\u0119bisz, 2024)? Zwolennicy koncepcji <\/span><i><span style=\"font-weight: 400\">podmiotowo\u015bci elektronicznej<\/span><\/i><span style=\"font-weight: 400\"> wskazuj\u0105, \u017ce zaawansowane systemy SI wykazuj\u0105 cechy pozwalaj\u0105ce rozwa\u017ca\u0107 ich samodzielno\u015b\u0107: potrafi\u0105 uczy\u0107 si\u0119, podejmowa\u0107 decyzje w oparciu o dost\u0119pne dane, a w przysz\u0142o\u015bci \u2013 w przypadku tzw. silnej SI \u2013 mog\u0105 nawet rozwin\u0105\u0107 \u015bwiadomo\u015b\u0107 w\u0142asnego dzia\u0142ania. Te cechy daj\u0105 podstaw\u0119 do nadania praw i obowi\u0105zk\u00f3w systemom AI.<\/span><span style=\"font-weight: 400\"><br \/>\n<\/span><\/p>\n<p><span style=\"font-weight: 400\">Jednak w obecnym stanie prawnym sztuczna inteligencja nie posiada podmiotowo\u015bci prawnej. Oznacza to, \u017ce nie mo\u017ce ponosi\u0107 odpowiedzialno\u015bci za swoje decyzje, nie ma zdolno\u015bci do czynno\u015bci prawnych ani praw obywatelskich. Ka\u017cda decyzja podj\u0119ta przez AI \u2013 nawet najbardziej autonomiczna \u2013 ostatecznie obci\u0105\u017ca jej tw\u00f3rc\u00f3w, operator\u00f3w lub podmioty nadzoruj\u0105ce jej dzia\u0142anie.<\/span><\/p>\n<p><span style=\"font-weight: 400\">Na tym tle przypadek alba\u0144skiej \u201eminister AI\u201d Dielli budzi powa\u017cne w\u0105tpliwo\u015bci. Cho\u0107 Diella formalnie pe\u0142ni funkcj\u0119 ministerialn\u0105 i ma wp\u0142yw na decyzje administracyjne, nie jest obywatelem, nie posiada \u015bwiadomo\u015bci, ani \u2013 tym bardziej \u2013 podmiotowo\u015bci prawnej. W praktyce wi\u0119c posiada g\u0142os w procesach decyzyjnych bez ponoszenia jakiejkolwiek odpowiedzialno\u015bci za ich skutki. Co wi\u0119cej, mo\u017cna wr\u0119cz powiedzie\u0107, \u017ce wyra\u017ca sw\u00f3j g\u0142os nie maj\u0105c de facto prawa g\u0142osu. To prowadzi do pytania, kt\u00f3re coraz cz\u0119\u015bciej pojawia si\u0119 w dyskusjach o przysz\u0142o\u015bci sztucznej inteligencji: kto ponosi odpowiedzialno\u015b\u0107 za z\u0142e decyzje sztucznej inteligencji?<\/span><\/p>\n<p>&nbsp;<\/p>\n<p><span style=\"font-size: 14pt\"><b><span style=\"color: #0000ff\">Kto ponosi konsekwencje za b\u0142\u0119dne dzia\u0142anie AI?<\/span>\u00a0<\/b><\/span><\/p>\n<p><span style=\"font-weight: 400\">Gdyby koncepcja <\/span><i><span style=\"font-weight: 400\">elektronicznej podmiotowo\u015bci <\/span><\/i><span style=\"font-weight: 400\">wesz\u0142a w \u017cycie, konsekwencje b\u0142\u0119dnych dzia\u0142a\u0144 ponosi\u0142by sam system AI. Jednak co by to w\u0142a\u015bciwie oznacza\u0142o w praktyce? Gdyby uzna\u0107, \u017ce system AI sam ponosi konsekwencje swoich dzia\u0142a\u0144, musieliby\u015bmy przyj\u0105\u0107, \u017ce mo\u017cna go ukara\u0107. Tylko jak? Przecie\u017c kara ma sens jedynie wtedy, gdy podmiot <\/span><i><span style=\"font-weight: 400\">rozumie<\/span><\/i><span style=\"font-weight: 400\">, \u017ce zrobi\u0142 co\u015b z\u0142ego. Wydaje si\u0119 wi\u0119c, \u017ce odpowied\u017a na to pytanie tkwi w g\u0142\u0119bszych rozwa\u017caniach nad \u015bwiadomo\u015bci\u0105 tych system\u00f3w. Ot\u00f3\u017c system AI mo\u017cna by ukara\u0107 tylko wtedy, gdyby by\u0142 \u015bwiadomy tego, co jest <\/span><i><span style=\"font-weight: 400\">dla niego <\/span><\/i><span style=\"font-weight: 400\">z\u0142e, a co dobre. Nie chodzi tu o wbudowany system warto\u015bci. Chodzi o to, by system sam z siebie d\u0105\u017cy\u0142 do osi\u0105gni\u0119cia dobra i unika\u0142 do\u015bwiadczania z\u0142a. Zdaje si\u0119 wi\u0119c, \u017ce taki wewn\u0119trzny system moralny odnosi\u0142by si\u0119 do aspekt\u00f3w fenomenologicznych do\u015bwiadczenia systemu AI &#8211; system czu\u0142by, \u017ce co\u015b jest dla niego dobre b\u0105d\u017a z\u0142e. Gdyby algorytm AI faktycznie posiada\u0142 taki system warto\u015bciowania, m\u00f3g\u0142by odczuwa\u0107 kary, a zatem mo\u017cna by obci\u0105\u017ca\u0107 go odpowiedzialno\u015bci\u0105 za swoje dzia\u0142ania.\u00a0<\/span><\/p>\n<p><span style=\"font-weight: 400\">Rzeczywisto\u015b\u0107 na dzie\u0144 dzisiejszy wygl\u0105da jednak inaczej. Wiele wskazuje na to, \u017ce systemy AI nie posiadaj\u0105 do\u015bwiadcze\u0144 fenomenalnych, a wi\u0119c nie czuj\u0105, co jest dobre, a co z\u0142e (chodzi tu ponownie o wewn\u0119trzne warto\u015bciowanie &#8211; nie o karanie modelu matematycznym mechanizmem w celu jego trenowania). Te rozwa\u017cania doprowadzaj\u0105 do wniosku, \u017ce nie ma sensu kara\u0107 AI za b\u0142\u0119dy, dop\u00f3ki nie osi\u0105gnie \u015bwiadomo\u015bci.\u00a0<\/span><\/p>\n<p><span style=\"font-weight: 400\">Dlatego przy obecnym poziomie rozwoju technologii pomys\u0142 wprowadzenia \u201eosoby elektronicznej\u201d by\u0142by czysto symboliczny. Nawet gdyby sztuczna inteligencja otrzyma\u0142a status prawny, realne konsekwencje i tak ponosi\u0142by cz\u0142owiek. Jak podkre\u015bla Karol R\u0119bisz, ewentualna \u201eosoba elektroniczna\u201d musia\u0142aby by\u0107 obj\u0119ta <\/span><i><span style=\"font-weight: 400\">obowi\u0105zkowym ubezpieczeniem<\/span><\/i><span style=\"font-weight: 400\"> odpowiedzialno\u015bci cywilnej, co oznacza, \u017ce kary finansowe wci\u0105\u017c spada\u0142yby na instytucj\u0119, kt\u00f3ra ni\u0105 zarz\u0105dza, a nie na sam system.<\/span><\/p>\n<p><span style=\"font-weight: 400\">W praktyce wi\u0119c \u2013 niezale\u017cnie od futurystycznych koncepcji \u2013 odpowiedzialno\u015b\u0107 wci\u0105\u017c pozostaje po stronie ludzi. Tu pojawia si\u0119 kluczowe pytanie: kto dok\u0142adnie b\u0119dzie ponosi\u0107 odpowiedzialno\u015b\u0107 za b\u0142\u0119dne poczynania systemu AI, skoro &#8211; jak uargumentowano powy\u017cej &#8211; nie mo\u017ce by\u0107 to samo AI? Czy za konsekwencje powinien odpowiada\u0107 tw\u00f3rca, osoba nadzoruj\u0105ca czy mo\u017ce instytucja, w kt\u00f3rej wdro\u017cono rozwi\u0105zania AI?<\/span><\/p>\n<p><span style=\"font-weight: 400\">Zdaje si\u0119, \u017ce odpowied\u017a na to pytanie brzmi: to zale\u017cy. Odpowied\u017a b\u0119dzie uwarunkowana przez konkretny przypadek \u2013 na jakim etapie i w wyniku czyjego b\u0142\u0119du system podj\u0105\u0142 z\u0142\u0105 decyzj\u0119. Przeanalizujmy wi\u0119c kilka prawdopodobnych scenariuszy:<\/span><\/p>\n<p>&nbsp;<\/p>\n<ol>\n<li><span style=\"text-decoration: underline\"><strong><span style=\"color: #ff00ff;text-decoration: underline\">B\u0142\u0105d po stronie tw\u00f3rc\u00f3w systemu<\/span><br \/>\n<\/strong><\/span>Wyobra\u017amy sobie algorytm rekrutacyjny, kt\u00f3ry pi\u0119ciokrotnie cz\u0119\u015bciej wybiera m\u0119\u017cczyzn ni\u017c kobiety na stanowiska kierownicze \u2013 mimo \u017ce cz\u0119\u015b\u0107 kandydatek ma wy\u017csze kwalifikacje (Hitron i in., 2023). Taka sytuacja nie wynika ze \u201ez\u0142ej woli\u201d AI, lecz z wadliwych danych treningowych. Model zosta\u0142 nauczony na danych odzwierciedlaj\u0105cych dawne schematy spo\u0142eczne, w kt\u00f3rych to m\u0119\u017cczy\u017ani cz\u0119\u015bciej awansowali i zarabiali wi\u0119cej. Model AI bazuj\u0105c na otrzymanych danych b\u0119dzie optymalizowa\u0142 swoje odpowiedzi i w konsekwencji b\u0119dzie wybiera\u0142 m\u0119\u017cczyzn jako bardziej po\u017c\u0105danych pracownik\u00f3w.<br \/>\nW takim przypadku win\u0119 za z\u0142e decyzje systemu AI powinni ponie\u015b\u0107 <b>tw\u00f3rcy<\/b> systemu, kt\u00f3rzy nie dopilnowali, by dane by\u0142y reprezentatywne i wolne od uprzedze\u0144.<br \/>\nW praktyce jednak udowodnienie, \u017ce dane treningowe by\u0142y niereprezentatywne, graniczy z niemo\u017cliwym, poniewa\u017c modele sztucznej inteligencji dostarczane przez globalnych gigant\u00f3w ucz\u0105 si\u0119 na ogromnych zbiorach informacji, do kt\u00f3rych zewn\u0119trzni u\u017cytkownicy \u2013 tacy jak rz\u0105d Albanii \u2013 zwykle nie maj\u0105 \u017cadnego wgl\u0105du.<\/li>\n<li><span style=\"text-decoration: underline;color: #ff00ff\"><strong>B\u0142\u0105d w decyzjach politycznych<\/strong><\/span><br \/>\n<span style=\"font-weight: 400\">A co je\u015bli b\u0142\u0105d pope\u0142ni AI minister \u2013 na przyk\u0142ad podejmie nietrafion\u0105 decyzj\u0119 w sprawie wielomilionowego przetargu lub inwestycji, kt\u00f3ra wp\u0142ynie na szerokie grono os\u00f3b?<\/span><span style=\"font-weight: 400\"> Wtedy odpowiedzialno\u015b\u0107 powinna spa\u015b\u0107 na <\/span><b>organ pa\u0144stwowy, w kt\u00f3rego imieniu AI dzia\u0142a<\/b><span style=\"font-weight: 400\"><span style=\"font-weight: 400\"><span style=\"font-weight: 400\">. To rz\u0105d lub konkretne ministerstwo powierzy\u0142o maszynie tak istotne decyzje, wiedz\u0105c, \u017ce technologia nie jest w pe\u0142ni przewidywalna. Odpowiedzialno\u015b\u0107 w tym wypadku wynika wi\u0119c z zaniedbania nadzoru i zbyt du\u017cego zaufania wobec algorytmu. Rz\u0105d, decyduj\u0105c si\u0119 na rozwi\u0105zania z wykorzystaniem SI powinien liczy\u0107 si\u0119 z mo\u017cliwymi konsekwencjami, za kt\u00f3re sam b\u0119dzie odpowiada\u0107.<\/span><\/span><\/span><\/li>\n<li><span style=\"text-decoration: underline\"><strong><span style=\"color: #ff00ff;text-decoration: underline\">B\u0142\u0105d z braku nadzoru cz\u0142owieka<\/span><br \/>\n<\/strong><\/span>Inna sytuacja pojawia si\u0119 wtedy, gdy system dzia\u0142a w modelu <i>human in the loop<\/i> \u2013 a wi\u0119c jego decyzje maj\u0105 by\u0107 zatwierdzane przez cz\u0142owieka. Je\u015bli <b>urz\u0119dnik lub nadzorca<\/b> przymknie oko na b\u0142\u0119dny wynik i pozwoli mu przej\u015b\u0107 dalej, to w\u0142a\u015bnie on powinien ponie\u015b\u0107 konsekwencje. W ko\u0144cu to on by\u0142 ostatnim ogniwem kontroli, kt\u00f3re mia\u0142o zapobiec pomy\u0142ce.<\/li>\n<\/ol>\n<p style=\"padding-left: 40px\"><span style=\"font-weight: 400\">\u00a0<\/span><\/p>\n<p><span style=\"font-weight: 400\">Jak mo\u017cna zauwa\u017cy\u0107 na powy\u017cszych przyk\u0142adach, odpowied\u017a na pytanie, kto ponosi odpowiedzialno\u015b\u0107 za dzia\u0142ania AI zale\u017cy od etapu, na kt\u00f3rym wyst\u0105pi\u0142 b\u0142\u0105d &#8211; czy problem tkwi\u0142 w danych treningowych, powierzeniu zbyt powa\u017cnych decyzji w r\u0119ce AI czy mo\u017ce zaniedbaniu zatwierdzenia decyzji AI. Oczywi\u015bcie nie s\u0105 to przypadki roz\u0142\u0105czne i mo\u017ce si\u0119 zdarzy\u0107, \u017ce wszystkie trzy grupy os\u00f3b zawini\u0142y.\u00a0<\/span><\/p>\n<p>&nbsp;<\/p>\n<p><span style=\"font-size: 14pt;color: #0000ff\"><b>Podsumowanie<\/b><\/span><\/p>\n<p><span style=\"font-weight: 400\">Analiza przypadku alba\u0144skiej AI-ministry prowadzi do wniosku, \u017ce Diella pe\u0142ni dzi\u015b przede wszystkim funkcj\u0119 symboliczn\u0105, a nie realnie decyzyjn\u0105. Jej zadaniem jest raczej reprezentowanie idei przejrzysto\u015bci, nowoczesno\u015bci i walki z korupcj\u0105 ni\u017c rzeczywiste sprawowanie w\u0142adzy. W praktyce to ludzie \u2013 programi\u015bci, urz\u0119dnicy i politycy \u2013 wci\u0105\u017c stoj\u0105 za ka\u017cd\u0105 jej decyzj\u0105, a odpowiedzialno\u015b\u0107 za ewentualne b\u0142\u0119dy pozostaje po ich stronie.<\/span><\/p>\n<p><span style=\"font-weight: 400\">Najrozs\u0105dniejszym kierunkiem wydaje si\u0119 wi\u0119c ograniczenie roli AI ministr\u00f3w do zada\u0144 technicznych i administracyjnych, kt\u00f3re mo\u017cna \u0142atwo zautomatyzowa\u0107 i kt\u00f3re nie nios\u0105 ze sob\u0105 ryzyka politycznego czy moralnego. W takich obszarach sztuczna inteligencja mo\u017ce realnie odci\u0105\u017cy\u0107 urz\u0119dnik\u00f3w, przyspieszy\u0107 procesy i zmniejszy\u0107 koszty, nie wchodz\u0105c jednocze\u015bnie w sfer\u0119 decyzji wymagaj\u0105cych ludzkiego os\u0105du.<\/span><\/p>\n<p><span style=\"font-weight: 400\">Nie oznacza to jednak, \u017ce \u015bwiat zatrzyma si\u0119 w tym punkcie. Trendy technologiczne wyra\u017anie pokazuj\u0105, \u017ce AI b\u0119dzie coraz mocniej wkracza\u0107 w przestrze\u0144 publiczn\u0105 i polityczn\u0105. Prawdziwym wyzwaniem na najbli\u017csze lata nie b\u0119dzie wi\u0119c samo wprowadzenie cyfrowych ministr\u00f3w, lecz stworzenie takich ram prawnych i etycznych, kt\u00f3re pozwol\u0105 im dzia\u0142a\u0107 bezpiecznie \u2013 bez utraty ludzkiej odpowiedzialno\u015bci.<\/span><\/p>\n<p>&nbsp;<\/p>\n<p>&nbsp;<\/p>\n<p><span style=\"font-size: 14pt;color: #0000ff\"><b>Bibliografia i netografia<\/b><\/span><\/p>\n<p><span style=\"font-weight: 400\">B\u00f4mont, C., Bojana, Z. (2025, 17 pa\u017adziernika). <\/span><i><span style=\"font-weight: 400\">Artificial intelligence, real politics: What Albania&#8217;s AI Minister means for EU accession<\/span><\/i><span style=\"font-weight: 400\">. EU Institute for Security Studies.<\/span><\/p>\n<p><a href=\"https:\/\/www.iss.europa.eu\/publications\/commentary\/artificial-intelligence-real-politics-what-albanias-ai-minister-means-eu\"><span style=\"font-weight: 400\">https:\/\/www.iss.europa.eu\/publications\/commentary\/artificial-intelligence-real-politics-what-albanias-ai-minister-means-eu<\/span><\/a><span style=\"font-weight: 400\">. Data dost\u0119pu: 03.11.2025<\/span><\/p>\n<p>&nbsp;<\/p>\n<p><span style=\"font-weight: 400\">Curraj, E. (2025, 16 wrze\u015bnia). <\/span><i><span style=\"font-weight: 400\">Albania\u2019s Headline-Grabbing AI \u2018Minister\u2019 is a Risky Innovation<\/span><\/i><span style=\"font-weight: 400\">. BalkanInsight. <\/span><a href=\"https:\/\/balkaninsight.com\/2025\/09\/16\/albanias-headline-grabbing-ai-minister-is-a-risky-innovation\/\"><span style=\"font-weight: 400\">https:\/\/balkaninsight.com\/2025\/09\/16\/albanias-headline-grabbing-ai-minister-is-a-risky-innovation\/<\/span><\/a><span style=\"font-weight: 400\">. Data dost\u0119pu: 03.11.2025<\/span><\/p>\n<p>&nbsp;<\/p>\n<p><span style=\"font-weight: 400\">Hitron, T., Morag Yaar, N., &amp; Erel, H. (2023, March). Implications of AI bias in HRI: Risks (and opportunities) when interacting with a biased robot. In <\/span><i><span style=\"font-weight: 400\">Proceedings of the 2023 ACM\/IEEE International Conference on Human-Robot Interaction<\/span><\/i><span style=\"font-weight: 400\"> (pp. 83-92).<\/span><span style=\"font-weight: 400\"><br \/>\n<\/span><span style=\"font-weight: 400\"><br \/>\n<\/span><\/p>\n<p><span style=\"font-weight: 400\">Jones, M. G. (2025, 2 listopada). <\/span><i><span style=\"font-weight: 400\">Czy sztuczna inteligencja w rz\u0105dzie Edi Ramy mo\u017ce wprowadzi\u0107 Albani\u0119 na drog\u0119 do cz\u0142onkostwa w UE.<\/span><\/i><span style=\"font-weight: 400\"> Euronews.pl. <\/span><a href=\"https:\/\/pl.euronews.com\/europa\/2025\/11\/02\/czy-sztuczna-inteligencja-w-rzadzie-edi-ramy-moze-wprowadzic-albanie-na-droge-do-czlonkost\"><span style=\"font-weight: 400\">https:\/\/pl.euronews.com\/europa\/2025\/11\/02\/czy-sztuczna-inteligencja-w-rzadzie-edi-ramy-moze-wprowadzic-albanie-na-droge-do-czlonkost<\/span><\/a><span style=\"font-weight: 400\">. Data dost\u0119pu: 2.11.2025.<\/span><\/p>\n<p>&nbsp;<\/p>\n<p><span style=\"font-weight: 400\">Korbak, T., Balesni, M., Barnes, E., Bengio, Y., Benton, J., Bloom, J., &#8230; &amp; Mikulik, V. (2025). Chain of thought monitorability: A new and fragile opportunity for ai safety. arXiv preprint arXiv:2507.11473.<\/span><\/p>\n<p>&nbsp;<\/p>\n<p><span style=\"font-weight: 400\">Redakcja (2025, 22 wrze\u015bnia). <\/span><i><span style=\"font-weight: 400\">Sztuczna inteligencja zajmie si\u0119 zam\u00f3wieniami publicznymi w Albanii.<\/span><\/i><span style=\"font-weight: 400\"> GDPR.pl. <\/span><a href=\"https:\/\/gdpr.pl\/sztuczna-inteligencja-zajmie-sie-zamowieniami-publicznymi-w-albanii\"><span style=\"font-weight: 400\">https:\/\/gdpr.pl\/sztuczna-inteligencja-zajmie-sie-zamowieniami-publicznymi-w-albanii<\/span><\/a><span style=\"font-weight: 400\">. Data dost\u0119pu: 2.11.2025.\u00a0<\/span><\/p>\n<p>&nbsp;<\/p>\n<p><span style=\"font-weight: 400\">R\u0119bisz, K. (2024). <\/span><i><span style=\"font-weight: 400\">Podmiotowo\u015b\u0107 prawna sztucznej inteligencji. Aspekty cywilnoprawne <\/span><\/i><span style=\"font-weight: 400\">(Doctoral dissertation, University of Rzesz\u00f3w (Poland)). <\/span><a href=\"https:\/\/repozytorium.ur.edu.pl\/items\/405b150b-7679-4ed6-9f60-09fed7ed91a4\"><span style=\"font-weight: 400\">https:\/\/repozytorium.ur.edu.pl\/items\/405b150b-7679-4ed6-9f60-09fed7ed91a4<\/span><\/a><span style=\"font-weight: 400\">\u00a0<\/span><\/p>\n<p>&nbsp;<\/p>\n<p><span style=\"font-weight: 400\">Rusak, P. (2025, 18 wrze\u015bnia). <\/span><i><span style=\"font-weight: 400\">\u201cMinistra\u201d AI przem\u00f3wi\u0142a w parlamencie. To historyczny moment.<\/span><\/i><span style=\"font-weight: 400\"> Business Insider. <\/span><a href=\"https:\/\/businessinsider.com.pl\/wiadomosci\/albania-ministra-stworzona-przez-ai-prezentowala-program-rzadu\/f7s6sr6\"><span style=\"font-weight: 400\">https:\/\/businessinsider.com.pl\/wiadomosci\/albania-ministra-stworzona-przez-ai-prezentowala-program-rzadu\/f7s6sr6<\/span><\/a><span style=\"font-weight: 400\">. Data dost\u0119pu: 2.11.2025.\u00a0<\/span><\/p>\n<p>&nbsp;<\/p>\n<p><span style=\"font-weight: 400\">Zmuda, D. (2025, 18 wrze\u015bnia).<\/span><i><span style=\"font-weight: 400\"> Sztuczna inteligencja zosta\u0142a ministrem. Nowa era w polityce? <\/span><\/i><span style=\"font-weight: 400\">Propertynews.pl. <\/span><a href=\"https:\/\/www.propertynews.pl\/polityka-i-spoleczenstwo\/sztuczna-inteligencja-zostala-ministrem-nowa-era-w-polityce,192511.html?mp=promo\"><span style=\"font-weight: 400\">https:\/\/www.propertynews.pl\/polityka-i-spoleczenstwo\/sztuczna-inteligencja-zostala-ministrem-nowa-era-w-polityce,192511.html?mp=promo<\/span><\/a><span style=\"font-weight: 400\">. Data dost\u0119pu: 2.11.2025.\u00a0<\/span><\/p>\n<p><br style=\"font-weight: 400\" \/><br style=\"font-weight: 400\" \/><br style=\"font-weight: 400\" \/><br style=\"font-weight: 400\" \/><\/p>\n<p><br style=\"font-weight: 400\" \/><br style=\"font-weight: 400\" \/><\/p>\n<p>&nbsp;<\/p>\n","protected":false},"excerpt":{"rendered":"<p>Przypadek Albanii, kt\u00f3ra jako pierwszy kraj na \u015bwiecie powierzy\u0142a stanowisko rz\u0105dowe systemowi AI, otwiera nowy rozdzia\u0142 w historii polityki i prawa. Diella \u2013 wirtualna \u201eministra\u201d ds. zam\u00f3wie\u0144 publicznych \u2013 ma zwalcza\u0107 korupcj\u0119 i przyspiesza\u0107 procedury, ale jednocze\u015bnie rodzi fundamentalne pytania o transparentno\u015b\u0107, suwerenno\u015b\u0107 cyfrow\u0105 oraz granice odpowiedzialno\u015bci cz\u0142owieka i maszyny. Albania staje si\u0119 wi\u0119c laboratorium [&hellip;]<\/p>\n","protected":false},"author":334,"featured_media":8588,"comment_status":"open","ping_status":"open","sticky":false,"template":"","format":"standard","meta":{"_jetpack_memberships_contains_paid_content":false,"footnotes":""},"categories":[555],"tags":[566,565,563,339,564,15],"class_list":["post-8585","post","type-post","status-publish","format-standard","has-post-thumbnail","hentry","category-socjologia-uj-2025-26","tag-albania","tag-cyfryzacja","tag-polityka","tag-sztucznainteligencja","tag-wladza","tag-ai"],"jetpack_featured_media_url":"https:\/\/architeles.eu\/ethics\/wp-content\/uploads\/2025\/11\/114058-albanian-ai-minister-16x9-thumb.jpg","jetpack_sharing_enabled":true,"_links":{"self":[{"href":"https:\/\/architeles.eu\/ethics\/index.php\/wp-json\/wp\/v2\/posts\/8585","targetHints":{"allow":["GET"]}}],"collection":[{"href":"https:\/\/architeles.eu\/ethics\/index.php\/wp-json\/wp\/v2\/posts"}],"about":[{"href":"https:\/\/architeles.eu\/ethics\/index.php\/wp-json\/wp\/v2\/types\/post"}],"author":[{"embeddable":true,"href":"https:\/\/architeles.eu\/ethics\/index.php\/wp-json\/wp\/v2\/users\/334"}],"replies":[{"embeddable":true,"href":"https:\/\/architeles.eu\/ethics\/index.php\/wp-json\/wp\/v2\/comments?post=8585"}],"version-history":[{"count":22,"href":"https:\/\/architeles.eu\/ethics\/index.php\/wp-json\/wp\/v2\/posts\/8585\/revisions"}],"predecessor-version":[{"id":8624,"href":"https:\/\/architeles.eu\/ethics\/index.php\/wp-json\/wp\/v2\/posts\/8585\/revisions\/8624"}],"wp:featuredmedia":[{"embeddable":true,"href":"https:\/\/architeles.eu\/ethics\/index.php\/wp-json\/wp\/v2\/media\/8588"}],"wp:attachment":[{"href":"https:\/\/architeles.eu\/ethics\/index.php\/wp-json\/wp\/v2\/media?parent=8585"}],"wp:term":[{"taxonomy":"category","embeddable":true,"href":"https:\/\/architeles.eu\/ethics\/index.php\/wp-json\/wp\/v2\/categories?post=8585"},{"taxonomy":"post_tag","embeddable":true,"href":"https:\/\/architeles.eu\/ethics\/index.php\/wp-json\/wp\/v2\/tags?post=8585"}],"curies":[{"name":"wp","href":"https:\/\/api.w.org\/{rel}","templated":true}]}}